{"id":2155,"date":"2022-04-01T09:45:40","date_gmt":"2022-04-01T09:45:40","guid":{"rendered":"https:\/\/caritas.ad\/?p=2155"},"modified":"2022-11-02T15:30:14","modified_gmt":"2022-11-02T15:30:14","slug":"caritas-andorrana-destina-30-000e-mes-als-refugiats-ducraina","status":"publish","type":"post","link":"https:\/\/caritas.ad\/es\/2022\/04\/01\/caritas-andorrana-destina-30-000e-mes-als-refugiats-ducraina\/","title":{"rendered":"C\u00e0ritas Andorrana destina 30.000\u20ac m\u00e1s para los refugiados de Ucrania"},"content":{"rendered":"\n<div class=\"wp-block-buttons is-content-justification-right is-layout-flex wp-block-buttons-is-layout-flex\">\n<div class=\"wp-block-button\"><a class=\"wp-block-button__link has-white-color has-text-color has-background\" href=\"https:\/\/caritas.ad\/wp-content\/uploads\/2021\/04\/NdP_Caritas-per-Ucraina-3.pdf\" style=\"background-color:#ce0e2d\">nota de prensa<\/a><\/div>\n<\/div>\n\n\n\n<p><strong>Pr\u00e8viament C\u00e0ritas Andorrana havia fet una aportaci\u00f3 de 20.000\u20ac que fa una suma global de 50.000\u20ac<\/strong><\/p>\n\n\n\n<p>C\u00e0ritas Andorrana ha enviat 30.000\u20ac m\u00e9s per cobrir les necessitats b\u00e0siques de la poblaci\u00f3 afectada pel conflicte b\u00e8l\u00b7lic d\u2019Ucra\u00efna. D\u2019aquesta manera la suma total de fons enviats \u00e9s de 50.000\u20ac, pr\u00e8viament s\u2019havia enviat una aportaci\u00f3 de 20.000\u20ac. Des de l\u2019entitat s\u2019agraeix la generositat de la ciutadania i es recorda que la campanya de la crida d\u2019emerg\u00e8ncia continua oberta ja que es preveu que el conflicte duri for\u00e7a temps. Les aportacions es poden fer a trav\u00e9s de la web de C\u00e0ritas, <a href=\"http:\/\/www.caritas.ad\" class=\"ek-link\">www.caritas.ad,<\/a> o a trav\u00e9s de transfer\u00e8ncies als comptes bancaris que tenen amb totes les entitats del pa\u00eds.<\/p>\n\n\n\n<p>Els fons d\u2019aquesta segona aportaci\u00f3 provenen de les donacions de particulars, dels set Comuns del Principat, de C\u00e0ritas parroquial d\u2019Encamp, aix\u00ed com dels fons propis de C\u00e0ritas Andorrana. Les donacions seran destinades a C\u00e0ritas de Pol\u00f2nia, Mold\u00e0via, Romania, Bulg\u00e0ria i Eslov\u00e0quia perqu\u00e8 aix\u00ed puguin organitzar accions per cobrir les necessitats b\u00e0siques dels refugiats que arriben de les diferents zones d\u2019Ucra\u00efna.<\/p>\n\n\n\n<p>Pel que fa a la situaci\u00f3 dels refugiats d\u2019Ucra\u00efna a Andorra, C\u00e0ritas Andorrana est\u00e0 donant resposta a les necessitats de les fam\u00edlies refugiades acollides al Principat, amb l\u2019objectiu d\u2019ajudar-los a instal\u00b7lar-se al pa\u00eds. Sempre en col\u00b7laboraci\u00f3 amb el Departament d\u2019Afers Socials del Govern d\u2019Andorra.<\/p>\n","protected":false},"excerpt":{"rendered":"<p>C\u00e0ritas Andorrana ha destinado 30.000\u20ac m\u00e1s para cubrir las necesidades b\u00e1sicas de la poblaci\u00f3n afectada por el conflicto b\u00e9lico en Ucrania. Con esta aportaci\u00f3n son ya 50.000\u20ac  los fondos enviados hasta la fecha.<\/p>\n","protected":false},"author":4,"featured_media":0,"comment_status":"closed","ping_status":"closed","sticky":false,"template":"","format":"standard","meta":{"_editorskit_title_hidden":false,"_editorskit_reading_time":0,"_editorskit_is_block_options_detached":false,"_editorskit_block_options_position":"{}","inline_featured_image":false,"footnotes":""},"categories":[54,53],"tags":[],"featured_image_src":null,"featured_image_src_square":null,"author_info":{"display_name":"caritasadministracio","author_link":"https:\/\/caritas.ad\/es\/author\/caritasadministracio\/"},"_links":{"self":[{"href":"https:\/\/caritas.ad\/es\/wp-json\/wp\/v2\/posts\/2155"}],"collection":[{"href":"https:\/\/caritas.ad\/es\/wp-json\/wp\/v2\/posts"}],"about":[{"href":"https:\/\/caritas.ad\/es\/wp-json\/wp\/v2\/types\/post"}],"author":[{"embeddable":true,"href":"https:\/\/caritas.ad\/es\/wp-json\/wp\/v2\/users\/4"}],"replies":[{"embeddable":true,"href":"https:\/\/caritas.ad\/es\/wp-json\/wp\/v2\/comments?post=2155"}],"version-history":[{"count":4,"href":"https:\/\/caritas.ad\/es\/wp-json\/wp\/v2\/posts\/2155\/revisions"}],"predecessor-version":[{"id":2187,"href":"https:\/\/caritas.ad\/es\/wp-json\/wp\/v2\/posts\/2155\/revisions\/2187"}],"wp:attachment":[{"href":"https:\/\/caritas.ad\/es\/wp-json\/wp\/v2\/media?parent=2155"}],"wp:term":[{"taxonomy":"category","embeddable":true,"href":"https:\/\/caritas.ad\/es\/wp-json\/wp\/v2\/categories?post=2155"},{"taxonomy":"post_tag","embeddable":true,"href":"https:\/\/caritas.ad\/es\/wp-json\/wp\/v2\/tags?post=2155"}],"curies":[{"name":"wp","href":"https:\/\/api.w.org\/{rel}","templated":true}]}}