{"id":4198,"date":"2026-03-04T16:59:45","date_gmt":"2026-03-04T15:59:45","guid":{"rendered":"https:\/\/caritas.ad\/?p=4198"},"modified":"2026-03-04T16:59:54","modified_gmt":"2026-03-04T15:59:54","slug":"colaboracion-andorran-banking","status":"publish","type":"post","link":"https:\/\/caritas.ad\/es\/2026\/03\/04\/colaboracion-andorran-banking\/","title":{"rendered":"Colaboraci\u00f3n Andorran Banking"},"content":{"rendered":"\n<p><\/p>\n\n\n\n<p><strong><strong>Andorran Banking consolida su apoyo a C\u00e0ritas Andorrana con una aportaci\u00f3n de 6.000 euros que ir\u00e1n detinados al programa de Acogida-Atenci\u00f3n primaria de la entidad.<\/strong><\/strong><\/p>\n\n\n<style>.wp-block-kadence-advancedbtn.kb-btns4198_f933a2-af{gap:var(--global-kb-gap-xs, 0.5rem );justify-content:flex-end;align-items:center;}.kt-btns4198_f933a2-af .kt-button{font-weight:normal;font-style:normal;}.kt-btns4198_f933a2-af .kt-btn-wrap-0{margin-right:5px;}.wp-block-kadence-advancedbtn.kt-btns4198_f933a2-af .kt-btn-wrap-0 .kt-button{color:#555555;border-color:#555555;}.wp-block-kadence-advancedbtn.kt-btns4198_f933a2-af .kt-btn-wrap-0 .kt-button:hover, .wp-block-kadence-advancedbtn.kt-btns4198_f933a2-af .kt-btn-wrap-0 .kt-button:focus{color:#ffffff;border-color:#444444;}.wp-block-kadence-advancedbtn.kt-btns4198_f933a2-af .kt-btn-wrap-0 .kt-button::before{display:none;}.wp-block-kadence-advancedbtn.kt-btns4198_f933a2-af .kt-btn-wrap-0 .kt-button:hover, .wp-block-kadence-advancedbtn.kt-btns4198_f933a2-af .kt-btn-wrap-0 .kt-button:focus{background:#444444;}<\/style>\n<div class=\"wp-block-kadence-advancedbtn kb-buttons-wrap kb-btns4198_f933a2-af\"><style>ul.menu .wp-block-kadence-advancedbtn .kb-btn4198_a47c26-40.kb-button{width:initial;}.wp-block-kadence-advancedbtn .kb-btn4198_a47c26-40.kb-button{color:#ffffff;background:#cf2e2e !important;}.kb-btn4198_a47c26-40.kb-button .kb-svg-icon-wrap{color:#cf2e2e;}.kb-btn4198_a47c26-40.kb-button:hover .kb-svg-icon-wrap{color:#cf2e2e;}.wp-block-kadence-advancedbtn .kb-btn4198_a47c26-40.kb-button:hover{color:#cf2e2e;}@media all and (max-width: 1024px){.kb-btn4198_a47c26-40.kb-button .kb-svg-icon-wrap{display:block;}}<\/style><a class=\"kb-button kt-button button kb-btn4198_a47c26-40 kt-btn-size-standard kt-btn-width-type-auto kb-btn-global-fill kt-btn-has-text-true kt-btn-has-svg-false wp-block-kadence-singlebtn\" href=\"https:\/\/caritas.ad\/wp-content\/uploads\/2021\/04\/NdP_Collaboracio-Andorran-Banking_Caritas-1.pdf\"><span class=\"kt-btn-inner-text\">Leer m\u00e1s<\/span><\/a><\/div>\n\n\n\n<p><\/p>\n\n\n\n<p class=\"has-text-align-right\"><\/p>\n\n\n\n<p>Andorran Banking ha hecho entrega a C\u00e0ritas Andorrana de un cheque por valor de 6.000 euros que se ir\u00e1n destinados al programa Acogida-Atenci\u00f3n primaria para la lucha contra la vulnerabilidad social, uno de los ejes centrales de la entidad.<\/p>\n\n\n\n<p>Durante la entrega, la presidenta de C\u00e0ritas Andorrana, Anna Maria Villas, ha expresado que: \u00abEsta aportaci\u00f3n nos da la posibilidad de responder con m\u00e1s eficacia a las necesidades que detectamos cada d\u00eda y acompa\u00f1ar a un n\u00famero creciente de personas. Valoramos mucho esta colaboraci\u00f3n sotenida en el tiempo\u00bb.<\/p>\n\n\n\n<p>Por parte de Andorran Banking, la directora general, Esther Puigcerc\u00f3s, ha destacado al relevancia de esta colaboraci\u00f3n: \u201dNuestro compromiso con la comunidad es firme y esta aportaci\u00f3n es un claro ejemplo de ello. Como instituci\u00f3n que representa al sector bancario andorrano, desde Andorran Banking consideramos esencial dar apoyo a proyectos que tienen un impacto directo en la vida de las personas. En un contexto econ\u00f3mico exigente, en que muchas familias se ven afectadas por el aumento del coste de la vida, es imprescindible sumar esfuerzos con entidades como C\u00e0ritas Andorrana para garantizar que nadie se quede atr\u00e1s. Continuaremos trabajando para fortalecer iniciativas que contribuyen al bienestar social y que refuercen la cohesi\u00f3n en nuestro pa\u00eds\u00bb.<\/p>\n\n\n\n<p><\/p>\n\n\n\n<h2 class=\"wp-block-heading\"><a href=\"https:\/\/caritas.ad\/caritas-presenta-la-memoria-2024-als-mitjans\/\" class=\"ek-link\">Previous:&nbsp;Previous post:C\u00e0ritas presenta la Mem\u00f2ria 2024 als mitjans<\/a><\/h2>\n","protected":false},"excerpt":{"rendered":"<p>Andorran Banking consolida su apoyo a C\u00e0ritas Andorrana con una aportaci\u00f3n de 6.000 euros que ir\u00e1n detinados al programa de Acogida-Atenci\u00f3n primaria de la entidad.<\/p>\n","protected":false},"author":4,"featured_media":4127,"comment_status":"closed","ping_status":"closed","sticky":false,"template":"","format":"standard","meta":{"_editorskit_title_hidden":false,"_editorskit_reading_time":0,"_editorskit_is_block_options_detached":false,"_editorskit_block_options_position":"{}","inline_featured_image":false,"footnotes":""},"categories":[53,54],"tags":[],"featured_image_src":"https:\/\/caritas.ad\/wp-content\/uploads\/2025\/12\/Foto-Anna-Maria-Villa-Caritas-i-Esther-Puigcercos-Andorran-Banking-600x400.jpg","featured_image_src_square":"https:\/\/caritas.ad\/wp-content\/uploads\/2025\/12\/Foto-Anna-Maria-Villa-Caritas-i-Esther-Puigcercos-Andorran-Banking-600x600.jpg","author_info":{"display_name":"caritasadministracio","author_link":"https:\/\/caritas.ad\/es\/author\/caritasadministracio\/"},"_links":{"self":[{"href":"https:\/\/caritas.ad\/es\/wp-json\/wp\/v2\/posts\/4198"}],"collection":[{"href":"https:\/\/caritas.ad\/es\/wp-json\/wp\/v2\/posts"}],"about":[{"href":"https:\/\/caritas.ad\/es\/wp-json\/wp\/v2\/types\/post"}],"author":[{"embeddable":true,"href":"https:\/\/caritas.ad\/es\/wp-json\/wp\/v2\/users\/4"}],"replies":[{"embeddable":true,"href":"https:\/\/caritas.ad\/es\/wp-json\/wp\/v2\/comments?post=4198"}],"version-history":[{"count":1,"href":"https:\/\/caritas.ad\/es\/wp-json\/wp\/v2\/posts\/4198\/revisions"}],"predecessor-version":[{"id":4199,"href":"https:\/\/caritas.ad\/es\/wp-json\/wp\/v2\/posts\/4198\/revisions\/4199"}],"wp:featuredmedia":[{"embeddable":true,"href":"https:\/\/caritas.ad\/es\/wp-json\/wp\/v2\/media\/4127"}],"wp:attachment":[{"href":"https:\/\/caritas.ad\/es\/wp-json\/wp\/v2\/media?parent=4198"}],"wp:term":[{"taxonomy":"category","embeddable":true,"href":"https:\/\/caritas.ad\/es\/wp-json\/wp\/v2\/categories?post=4198"},{"taxonomy":"post_tag","embeddable":true,"href":"https:\/\/caritas.ad\/es\/wp-json\/wp\/v2\/tags?post=4198"}],"curies":[{"name":"wp","href":"https:\/\/api.w.org\/{rel}","templated":true}]}}