{"id":4200,"date":"2026-03-05T14:31:36","date_gmt":"2026-03-05T13:31:36","guid":{"rendered":"https:\/\/caritas.ad\/?p=4200"},"modified":"2026-03-05T14:31:47","modified_gmt":"2026-03-05T13:31:47","slug":"campana-de-reyes-2","status":"publish","type":"post","link":"https:\/\/caritas.ad\/es\/2026\/03\/05\/campana-de-reyes-2\/","title":{"rendered":"Campa\u00f1a de Reyes"},"content":{"rendered":"\n<p><strong><strong><strong>RTVA y C\u00e0ritas Andorrana dan inicio a la campa\u00f1a de Reyes para la recogida de juguetes que finalizar\u00e1 el d\u00eda 31 de diciembre.<\/strong><\/strong><\/strong><\/p>\n\n\n<style>.wp-block-kadence-advancedbtn.kb-btns4200_febcc2-8b{gap:var(--global-kb-gap-xs, 0.5rem );justify-content:flex-end;align-items:center;}.kt-btns4200_febcc2-8b .kt-button{font-weight:normal;font-style:normal;}.kt-btns4200_febcc2-8b .kt-btn-wrap-0{margin-right:5px;}.wp-block-kadence-advancedbtn.kt-btns4200_febcc2-8b .kt-btn-wrap-0 .kt-button{color:#555555;border-color:#555555;}.wp-block-kadence-advancedbtn.kt-btns4200_febcc2-8b .kt-btn-wrap-0 .kt-button:hover, .wp-block-kadence-advancedbtn.kt-btns4200_febcc2-8b .kt-btn-wrap-0 .kt-button:focus{color:#ffffff;border-color:#444444;}.wp-block-kadence-advancedbtn.kt-btns4200_febcc2-8b .kt-btn-wrap-0 .kt-button::before{display:none;}.wp-block-kadence-advancedbtn.kt-btns4200_febcc2-8b .kt-btn-wrap-0 .kt-button:hover, .wp-block-kadence-advancedbtn.kt-btns4200_febcc2-8b .kt-btn-wrap-0 .kt-button:focus{background:#444444;}<\/style>\n<div class=\"wp-block-kadence-advancedbtn kb-buttons-wrap kb-btns4200_febcc2-8b\"><style>ul.menu .wp-block-kadence-advancedbtn .kb-btn4200_dbd40f-82.kb-button{width:initial;}.wp-block-kadence-advancedbtn .kb-btn4200_dbd40f-82.kb-button{color:#ffffff;background:#cf2e2e !important;}.kb-btn4200_dbd40f-82.kb-button .kb-svg-icon-wrap{color:#cf2e2e;}.kb-btn4200_dbd40f-82.kb-button:hover .kb-svg-icon-wrap{color:#cf2e2e;}.wp-block-kadence-advancedbtn .kb-btn4200_dbd40f-82.kb-button:hover{color:#cf2e2e;}@media all and (max-width: 1024px){.kb-btn4200_dbd40f-82.kb-button .kb-svg-icon-wrap{display:block;}}<\/style><a class=\"kb-button kt-button button kb-btn4200_dbd40f-82 kt-btn-size-standard kt-btn-width-type-auto kb-btn-global-fill kt-btn-has-text-true kt-btn-has-svg-false wp-block-kadence-singlebtn\" href=\"https:\/\/caritas.ad\/wp-content\/uploads\/2025\/12\/Cartell-Reis-25.pdf\"><span class=\"kt-btn-inner-text\">Leer m\u00e1s<\/span><\/a><\/div>\n\n\n\n<p>Un a\u00f1o m\u00e1s RTVA impulsa la campa\u00f1a de recogida de juguetes en favor de C\u00e0ritas Andorrana, con le objetivo de que todos los ni\u00f1os y ni\u00f1as de familias en situaci\u00f3n de vulnerabilidad, puedan vivir la ilusi\u00f3n de esta festividad.<\/p>\n\n\n\n<p>Del 9 al 31 de diciembre, todos aquellos que quieran partipar podr\u00e1n sumarse a la iniciativa, llevando juguetes nuevos y sin envolver, a los diferentes puntos de recogida habilitados.<\/p>\n\n\n\n<p>A partir del d\u00eda 2 de enero, C\u00e0ritas Andorrana, con la colaboaci\u00f3n de j\u00f3venes voluntarios de diferentes centros escolares de Andorra, se encargar\u00e1n de seleccionar, envolver y hacer llegar los regalos a cada familia, antes de la noche de Reyes.<\/p>\n\n\n\n<p>Adem\u00e1s de los juguetes, tambi\u00e9n se puede colaborar aportando entradas para actividades o espect\u00e1culos, con la intenci\u00f3n de que los ni\u00f1os puedan compartir con sus hermanos, familia o amigos, experiencias l\u00fadicas y de ocio. <\/p>\n\n\n\n<p><br>Puntos de recogida de juguetes:<\/p>\n\n\n\n<p>-Oficinas de MoraBanc, Illa Carlemany, Tintoreries N\u00faria de Illa Carlemany y de Pyr\u00e9n\u00e9es.<\/p>\n\n\n\n<p>-MoraBanc Andorra vs Granada \u00b7 13\/12 a las 21 h<br>-MoraBanc Andorra vs Lleida \u00b7 02\/01 a las 19 h<br>-FC Andorra vs Deportivo \u00b7 20\/12 a las 14 h<br>-Cursa de La Llufa a Ordino \u00b7 29\/12<\/p>\n\n\n\n<p><\/p>\n\n\n\n<h2 class=\"wp-block-heading\"><a href=\"https:\/\/caritas.ad\/caritas-presenta-la-memoria-2024-als-mitjans\/\" class=\"ek-link\">Previous:&nbsp;Previous post:C\u00e0ritas presenta la Mem\u00f2ria 2024 als mitjans<\/a><\/h2>\n","protected":false},"excerpt":{"rendered":"<p>Un a\u00f1o m\u00e1s RTVA impulsa la campa\u00f1a de recogida de juguetes en favor de C\u00e0ritas Andorrana, con el objetivo de que todos los ni\u00f1os y ni\u00f1as de familias en situaci\u00f3n de vulnerabilidad, puedan vivir la ilusi\u00f3n de esta festividad.<\/p>\n","protected":false},"author":4,"featured_media":4161,"comment_status":"closed","ping_status":"closed","sticky":false,"template":"","format":"standard","meta":{"_editorskit_title_hidden":false,"_editorskit_reading_time":0,"_editorskit_is_block_options_detached":false,"_editorskit_block_options_position":"{}","inline_featured_image":false,"footnotes":""},"categories":[53,54],"tags":[],"featured_image_src":"https:\/\/caritas.ad\/wp-content\/uploads\/2025\/12\/Reis-25-600x400.png","featured_image_src_square":"https:\/\/caritas.ad\/wp-content\/uploads\/2025\/12\/Reis-25-600x600.png","author_info":{"display_name":"caritasadministracio","author_link":"https:\/\/caritas.ad\/es\/author\/caritasadministracio\/"},"_links":{"self":[{"href":"https:\/\/caritas.ad\/es\/wp-json\/wp\/v2\/posts\/4200"}],"collection":[{"href":"https:\/\/caritas.ad\/es\/wp-json\/wp\/v2\/posts"}],"about":[{"href":"https:\/\/caritas.ad\/es\/wp-json\/wp\/v2\/types\/post"}],"author":[{"embeddable":true,"href":"https:\/\/caritas.ad\/es\/wp-json\/wp\/v2\/users\/4"}],"replies":[{"embeddable":true,"href":"https:\/\/caritas.ad\/es\/wp-json\/wp\/v2\/comments?post=4200"}],"version-history":[{"count":1,"href":"https:\/\/caritas.ad\/es\/wp-json\/wp\/v2\/posts\/4200\/revisions"}],"predecessor-version":[{"id":4207,"href":"https:\/\/caritas.ad\/es\/wp-json\/wp\/v2\/posts\/4200\/revisions\/4207"}],"wp:featuredmedia":[{"embeddable":true,"href":"https:\/\/caritas.ad\/es\/wp-json\/wp\/v2\/media\/4161"}],"wp:attachment":[{"href":"https:\/\/caritas.ad\/es\/wp-json\/wp\/v2\/media?parent=4200"}],"wp:term":[{"taxonomy":"category","embeddable":true,"href":"https:\/\/caritas.ad\/es\/wp-json\/wp\/v2\/categories?post=4200"},{"taxonomy":"post_tag","embeddable":true,"href":"https:\/\/caritas.ad\/es\/wp-json\/wp\/v2\/tags?post=4200"}],"curies":[{"name":"wp","href":"https:\/\/api.w.org\/{rel}","templated":true}]}}